{"id":11252,"date":"2025-02-25T10:16:59","date_gmt":"2025-02-25T09:16:59","guid":{"rendered":"https:\/\/www.homeportal.cz\/?p=11252"},"modified":"2025-06-05T16:57:12","modified_gmt":"2025-06-05T14:57:12","slug":"vysocany-a-hloubetin-z-prumyslovych-zon-k-atraktivnim-rezidencnim-ctvrtim-na-praze-9","status":"publish","type":"post","link":"https:\/\/www.homeportal.cz\/cs\/vysocany-a-hloubetin-z-prumyslovych-zon-k-atraktivnim-rezidencnim-ctvrtim-na-praze-9\/","title":{"rendered":"VYSO\u010cANY a HLOUB\u011aT\u00cdN: Z pr\u016fmyslov\u00fdch z\u00f3n k atraktivn\u00edm reziden\u010dn\u00edm \u010dtvrt\u00edm na Praze 9"},"content":{"rendered":"\n<p><strong>Ka\u017ed\u00e1 \u010d\u00e1st m\u011bsta m\u00e1 sv\u016fj p\u0159\u00edb\u011bh, svou historii a svou du\u0161i. Praha 9, konkr\u00e9tn\u011b oblasti Vyso\u010dan a Hloub\u011bt\u00edna, jsou p\u0159\u00edklady m\u00edst, kde se minulost setk\u00e1v\u00e1 s budoucnost\u00ed. Tato \u010d\u00e1st metropole, kter\u00e1 je\u0161t\u011b p\u0159ed p\u00e1r lety byla zn\u00e1m\u00e1 svou industri\u00e1ln\u00ed povahou, dnes proch\u00e1z\u00ed ohromuj\u00edc\u00ed prom\u011bnou. Z b\u00fdval\u00fdch tov\u00e1rn\u00edch a skladovac\u00edch prostor vyr\u016fstaj\u00ed nov\u00e9 \u010dtvrti, modern\u00ed rezidence a z\u00e1zem\u00ed, kter\u00e9 prom\u011b\u0148uje oblast na dynamick\u00e9 m\u00edsto pro \u017eivot.<\/strong><\/p>\n\n\n\n<div style=\"height:10px\" aria-hidden=\"true\" class=\"wp-block-spacer\"><\/div>\n\n\n\n<div class=\"wp-block-media-text is-stacked-on-mobile is-vertically-aligned-center\" style=\"grid-template-columns:43% auto\"><figure class=\"wp-block-media-text__media\"><img decoding=\"async\" width=\"1024\" height=\"512\" src=\"https:\/\/www.homeportal.cz\/wp-content\/uploads\/2025\/02\/cek-alfred-1-1024x512.jpg\" alt=\"\" class=\"wp-image-11450 size-full\" srcset=\"https:\/\/www.homeportal.cz\/wp-content\/uploads\/2025\/02\/cek-alfred-1-1024x512.jpg 1024w, https:\/\/www.homeportal.cz\/wp-content\/uploads\/2025\/02\/cek-alfred-1-300x150.jpg 300w, https:\/\/www.homeportal.cz\/wp-content\/uploads\/2025\/02\/cek-alfred-1-768x384.jpg 768w, https:\/\/www.homeportal.cz\/wp-content\/uploads\/2025\/02\/cek-alfred-1-1536x768.jpg 1536w, https:\/\/www.homeportal.cz\/wp-content\/uploads\/2025\/02\/cek-alfred-1.jpg 2000w\" sizes=\"(max-width: 1024px) 100vw, 1024px\" \/><\/figure><div class=\"wp-block-media-text__content\">\n<p><\/p>\n\n\n\n<p><\/p>\n\n\n\n<p><\/p>\n\n\n\n<p><\/p>\n\n\n\n<p>Z Vyso\u010dan a Hloub\u011bt\u00edna se st\u00e1vaj\u00ed \u010dtvrti, kter\u00e9 p\u0159itahuj\u00ed nejen mlad\u00e9 profesion\u00e1ly, ale i rodiny hledaj\u00edc\u00ed ide\u00e1ln\u00ed m\u00edsto pro pohodln\u00fd a aktivn\u00ed \u017eivot. Tady najdete v\u0161e, co pot\u0159ebujete: od skv\u011bl\u00fdch \u0161kol, p\u0159es obchody, restaurace a kav\u00e1rny a\u017e po parky, cyklostezky a sportovn\u00ed za\u0159\u00edzen\u00ed.<\/p>\n<\/div><\/div>\n\n\n\n<div style=\"height:4px\" aria-hidden=\"true\" class=\"wp-block-spacer\"><\/div>\n\n\n\n<h2 class=\"wp-block-heading\">P\u0159\u00edb\u011bh Vyso\u010dan \u2013 Od industri\u00e1lu k modern\u00edmu m\u011bstsk\u00e9mu \u017eivotu<\/h2>\n\n\n\n<p>Vyso\u010dany byly po mnoho let synonymem pro industri\u00e1ln\u00ed z\u00f3nu, ale jak u\u017e to v \u017eivot\u011b b\u00fdv\u00e1, v\u0161e se m\u011bn\u00ed. V posledn\u00edch letech do\u0161lo k revitalizaci mnoha star\u00fdch fabrik a are\u00e1l\u016f, kter\u00e9 dnes p\u0159edstavuj\u00ed srdce nov\u00fdch developersk\u00fdch projekt\u016f. Vznikaj\u00ed zde novostavby, jako je <strong>\u010ctvr\u0165 Emila Kolbena<\/strong>, kter\u00e9 nab\u00edzej\u00ed modern\u00ed a prostorn\u00e9 byty v kombinaci s vynikaj\u00edc\u00edmi ve\u0159ejn\u00fdmi prostory.<\/p>\n\n\n\n<div class=\"wp-block-group is-nowrap is-layout-flex wp-container-core-group-is-layout-ad2f72ca wp-block-group-is-layout-flex\">\n<div class=\"wp-block-group\" style=\"font-size:80px\"><div class=\"wp-block-group__inner-container is-layout-constrained wp-block-group-is-layout-constrained\">\n<figure class=\"wp-block-gallery has-nested-images columns-default is-cropped wp-block-gallery-1 is-layout-flex wp-block-gallery-is-layout-flex\">\n<figure class=\"wp-block-image size-large\"><img decoding=\"async\" width=\"1024\" height=\"576\" data-id=\"11601\" src=\"https:\/\/www.homeportal.cz\/wp-content\/uploads\/2025\/03\/cek-alfred-interier-vr22-edited-1024x576.jpg\" alt=\"\" class=\"wp-image-11601\" srcset=\"https:\/\/www.homeportal.cz\/wp-content\/uploads\/2025\/03\/cek-alfred-interier-vr22-edited-1024x576.jpg 1024w, https:\/\/www.homeportal.cz\/wp-content\/uploads\/2025\/03\/cek-alfred-interier-vr22-edited-300x169.jpg 300w, https:\/\/www.homeportal.cz\/wp-content\/uploads\/2025\/03\/cek-alfred-interier-vr22-edited-768x432.jpg 768w, https:\/\/www.homeportal.cz\/wp-content\/uploads\/2025\/03\/cek-alfred-interier-vr22-edited-1536x864.jpg 1536w, https:\/\/www.homeportal.cz\/wp-content\/uploads\/2025\/03\/cek-alfred-interier-vr22-edited.jpg 1920w\" sizes=\"(max-width: 1024px) 100vw, 1024px\" \/><\/figure>\n\n\n\n<figure class=\"wp-block-image size-large\"><img decoding=\"async\" width=\"1024\" height=\"683\" data-id=\"2763\" src=\"https:\/\/www.homeportal.cz\/wp-content\/uploads\/2023\/07\/lappi-hloubetin-nove-byty-vysocany-pracovna-1024x683.jpg\" alt=\"Pracovna v reziden\u010dn\u00edm projektu Lappi Hloub\u011bt\u00edn ve Vyso\u010danech\" class=\"wp-image-2763\" srcset=\"https:\/\/www.homeportal.cz\/wp-content\/uploads\/2023\/07\/lappi-hloubetin-nove-byty-vysocany-pracovna-1024x683.jpg 1024w, https:\/\/www.homeportal.cz\/wp-content\/uploads\/2023\/07\/lappi-hloubetin-nove-byty-vysocany-pracovna-300x200.jpg 300w, https:\/\/www.homeportal.cz\/wp-content\/uploads\/2023\/07\/lappi-hloubetin-nove-byty-vysocany-pracovna-768x512.jpg 768w, https:\/\/www.homeportal.cz\/wp-content\/uploads\/2023\/07\/lappi-hloubetin-nove-byty-vysocany-pracovna-1536x1024.jpg 1536w, https:\/\/www.homeportal.cz\/wp-content\/uploads\/2023\/07\/lappi-hloubetin-nove-byty-vysocany-pracovna-2048x1366.jpg 2048w\" sizes=\"(max-width: 1024px) 100vw, 1024px\" \/><\/figure>\n<\/figure>\n<\/div><\/div>\n<\/div>\n\n\n\n<p>Vyso\u010dany v\u0161ak nejsou pouze lokalita pln\u00e1 byt\u016f a kancel\u00e1\u0159\u00ed, ale nab\u00edzej\u00ed i mnoho mo\u017enost\u00ed pro sv\u00e9 aktivn\u00ed obyvatele. <strong>Rokytka<\/strong>, revitalizovan\u00e1 \u0159eka s cyklostezkou, se stala obl\u00edben\u00fdm m\u00edstem pro b\u011b\u017ece a cyklisty, kte\u0159\u00ed si u\u017e\u00edvaj\u00ed klidn\u00fd \u00fasek s kr\u00e1sn\u00fdm v\u00fdhledem na m\u011bsto. <strong>Park Podvin\u00ed<\/strong> je obl\u00edben\u00fdm m\u00edstem pro rodinn\u00e9 proch\u00e1zky nebo pikniky, ale i pro odpo\u010dinek po n\u00e1ro\u010dn\u00e9m dni v pr\u00e1ci. Mnoho nov\u00fdch rezidenc\u00ed je postaveno tak, aby m\u011blo p\u0159\u00edm\u00fd v\u00fdhled na tento park, co\u017e p\u0159in\u00e1\u0161\u00ed v\u00fdjime\u010dn\u00fd \u017eivotn\u00ed komfort.<\/p>\n\n\n\n<p>A kdy\u017e se vyd\u00e1te do centra Vyso\u010dan, zjist\u00edte, \u017ee se zde nach\u00e1z\u00ed i skv\u011bl\u00e9 obchody, restaurace a kav\u00e1rny, kter\u00e9 jsou ide\u00e1ln\u00edm m\u00edstem pro setk\u00e1n\u00ed s p\u0159\u00e1teli nebo pracovn\u00ed sch\u016fzky. Mezi nejlep\u0161\u00ed podniky, kter\u00e9 si tu ur\u010dit\u011b nesm\u00edte nechat uj\u00edt, pat\u0159\u00ed <strong>Kafe Pragovka<\/strong> v industri\u00e1ln\u00edm are\u00e1lu b\u00fdval\u00e9 tov\u00e1rny nebo <strong>Nad Kolbenkou<\/strong> &#8211; kav\u00e1rna, kter\u00e1 kombinuje skv\u011bl\u00e9 espresso s p\u0159\u00edjemn\u00fdm prost\u0159ed\u00edm.<\/p>\n\n\n\n<div style=\"height:13px\" aria-hidden=\"true\" class=\"wp-block-spacer\"><\/div>\n\n\n\n<h2 class=\"wp-block-heading\"><strong>Hloub\u011bt\u00edn \u2013 Klidn\u00e1 o\u00e1za v srdci m\u011bstsk\u00e9 d\u017eungle<\/strong><\/h2>\n\n\n\n<div class=\"wp-block-media-text is-stacked-on-mobile is-vertically-aligned-top\" style=\"grid-template-columns:46% auto\"><figure class=\"wp-block-media-text__media\"><img decoding=\"async\" width=\"1024\" height=\"683\" src=\"https:\/\/www.homeportal.cz\/wp-content\/uploads\/2025\/02\/11-1024x683.jpg\" alt=\"\" class=\"wp-image-11457 size-full\" srcset=\"https:\/\/www.homeportal.cz\/wp-content\/uploads\/2025\/02\/11-1024x683.jpg 1024w, https:\/\/www.homeportal.cz\/wp-content\/uploads\/2025\/02\/11-300x200.jpg 300w, https:\/\/www.homeportal.cz\/wp-content\/uploads\/2025\/02\/11-768x512.jpg 768w, https:\/\/www.homeportal.cz\/wp-content\/uploads\/2025\/02\/11-1536x1024.jpg 1536w, https:\/\/www.homeportal.cz\/wp-content\/uploads\/2025\/02\/11.jpg 1800w\" sizes=\"(max-width: 1024px) 100vw, 1024px\" \/><\/figure><div class=\"wp-block-media-text__content\">\n<p><\/p>\n\n\n\n<p><\/p>\n\n\n\n<p><\/p>\n\n\n\n<p><\/p>\n\n\n\n<p>O kousek d\u00e1l na v\u00fdchod, v Hloub\u011bt\u00edn\u011b, se situace vyv\u00edj\u00ed podobn\u011b. Ten se postupn\u011b m\u011bn\u00ed v klidnou a zelenou o\u00e1zu, kter\u00e1 nab\u00edz\u00ed v\u0161e, co by modern\u00ed m\u011bstsk\u00fd \u010dlov\u011bk mohl pot\u0159ebovat. Developersk\u00e9 projekty jako <strong>TEMPERE Hloub\u011bt\u00edn<\/strong> ukazuj\u00ed, jak se z t\u00e9to \u010d\u00e1sti m\u011bsta st\u00e1v\u00e1 trendov\u00e9 m\u00edsto pro rodiny i jednotlivce, kte\u0159\u00ed hledaj\u00ed kvalitn\u00ed bydlen\u00ed s dostatkem prostoru a soukrom\u00ed.<\/p>\n<\/div><\/div>\n\n\n\n<div style=\"height:7px\" aria-hidden=\"true\" class=\"wp-block-spacer\"><\/div>\n\n\n\n<p>Tato \u010dtvr\u0165 je ide\u00e1ln\u00ed pro ty, kte\u0159\u00ed hledaj\u00ed klidn\u011bj\u0161\u00ed, ale p\u0159esto dob\u0159e dostupnou lokalitu. Vydat se do centra? <strong>Metro B<\/strong> je vzd\u00e1len\u00e9 jen p\u00e1r minut a rychl\u00e9 tramvaje zaji\u0161\u0165uj\u00ed snadn\u00e9 spojen\u00ed s okoln\u00edmi \u010dtvrt\u011bmi. Ale co je na Hloub\u011bt\u00edn\u011b skute\u010dn\u011b v\u00fdjime\u010dn\u00e9, je jeho propojen\u00ed s p\u0159\u00edrodou. <strong>Kyjsk\u00fd rybn\u00edk<\/strong> a okoln\u00ed parky p\u0159edstavuj\u00ed pro ka\u017ed\u00e9ho, kdo m\u00e1 r\u00e1d p\u0159\u00edrodu, ide\u00e1ln\u00ed m\u00edsto pro relaxaci. Cyklist\u00e9 a b\u011b\u017eci tu najdou des\u00edtky kilometr\u016f stezek, kter\u00e9 vedou kolem zelen\u00fdch ploch a poskytuj\u00ed n\u00e1dhern\u00e9 v\u00fdhledy na m\u011bsto.<\/p>\n\n\n\n<div style=\"height:8px\" aria-hidden=\"true\" class=\"wp-block-spacer\"><\/div>\n\n\n<div class=\"wp-block-image\">\n<figure class=\"aligncenter size-full is-resized\"><img decoding=\"async\" width=\"1024\" height=\"439\" src=\"https:\/\/www.homeportal.cz\/wp-content\/uploads\/2025\/02\/481998-1-1024x573-1.jpg\" alt=\"\" class=\"wp-image-11717\" style=\"width:1024px\" srcset=\"https:\/\/www.homeportal.cz\/wp-content\/uploads\/2025\/02\/481998-1-1024x573-1.jpg 1024w, https:\/\/www.homeportal.cz\/wp-content\/uploads\/2025\/02\/481998-1-1024x573-1-300x129.jpg 300w, https:\/\/www.homeportal.cz\/wp-content\/uploads\/2025\/02\/481998-1-1024x573-1-768x329.jpg 768w\" sizes=\"(max-width: 1024px) 100vw, 1024px\" \/><\/figure><\/div>\n\n\n<div style=\"height:3px\" aria-hidden=\"true\" class=\"wp-block-spacer\"><\/div>\n\n\n\n<div style=\"height:8px\" aria-hidden=\"true\" class=\"wp-block-spacer\"><\/div>\n\n\n\n<h2 class=\"wp-block-heading\">Skv\u011bl\u00e1 ob\u010dansk\u00e1 vybavenost a dostupnost slu\u017eeb<\/h2>\n\n\n\n<div style=\"height:7px\" aria-hidden=\"true\" class=\"wp-block-spacer\"><\/div>\n\n\n\n<div class=\"wp-block-media-text is-stacked-on-mobile is-vertically-aligned-top\" style=\"grid-template-columns:44% auto\"><figure class=\"wp-block-media-text__media\"><img decoding=\"async\" width=\"1024\" height=\"683\" src=\"https:\/\/www.homeportal.cz\/wp-content\/uploads\/2025\/02\/voda-jezirko-cek-1024x683.jpg\" alt=\"\" class=\"wp-image-11458 size-full\" srcset=\"https:\/\/www.homeportal.cz\/wp-content\/uploads\/2025\/02\/voda-jezirko-cek-1024x683.jpg 1024w, https:\/\/www.homeportal.cz\/wp-content\/uploads\/2025\/02\/voda-jezirko-cek-300x200.jpg 300w, https:\/\/www.homeportal.cz\/wp-content\/uploads\/2025\/02\/voda-jezirko-cek-768x512.jpg 768w, https:\/\/www.homeportal.cz\/wp-content\/uploads\/2025\/02\/voda-jezirko-cek-1536x1024.jpg 1536w, https:\/\/www.homeportal.cz\/wp-content\/uploads\/2025\/02\/voda-jezirko-cek.jpg 2048w\" sizes=\"(max-width: 1024px) 100vw, 1024px\" \/><\/figure><div class=\"wp-block-media-text__content\">\n<p>I kdy\u017e jsou Vyso\u010dany a Hloub\u011bt\u00edn st\u00e1le v procesu modernizace, u\u017e nyn\u00ed nab\u00edz\u00ed vynikaj\u00edc\u00ed ob\u010danskou vybavenost. Nach\u00e1z\u00ed se zde \u0161kolky, \u0161koly, zdravotnick\u00e1 za\u0159\u00edzen\u00ed a sportovi\u0161t\u011b. Pro rodiny s d\u011btmi je zde <strong>Z\u00e1kladn\u00ed \u0161kola Novoborsk\u00e1<\/strong>, kter\u00e1 pat\u0159\u00ed mezi obl\u00edben\u00e9 volby pro rodi\u010de, nebo <strong>Gymn\u00e1zium Litom\u011b\u0159ick\u00e1<\/strong>, kter\u00e9 nab\u00edz\u00ed kvalitn\u00ed vzd\u011bl\u00e1n\u00ed. Pro sportovn\u00ed nad\u0161ence jsou tu nejen zm\u00edn\u011bn\u00e9 parky a stezky, ale i <strong>plaveck\u00fd baz\u00e9n Hloub\u011bt\u00edn<\/strong> a <strong>Sportovn\u00ed are\u00e1l Freestyle Kolbenka<\/strong>, kter\u00e9 pat\u0159\u00ed mezi nejmodern\u011bj\u0161\u00ed sportovn\u00ed centra v oblasti.<\/p>\n<\/div><\/div>\n\n\n\n<p>A pokud m\u00e1te chu\u0165 na k\u00e1vu nebo n\u011bco dobr\u00e9ho k j\u00eddlu, Praha 9 v\u00e1s rozhodn\u011b nezklame. Krom\u011b u\u017e zm\u00edn\u011bn\u00fdch podnik\u016f je tu cel\u00e1 \u0159ada dal\u0161\u00edch skv\u011bl\u00fdch m\u00edst, kam se vydat na k\u00e1vu, nebo si u\u017e\u00edt skv\u011bl\u00fd brunch. Mezi ty nejpopul\u00e1rn\u011bj\u0161\u00ed pat\u0159\u00ed <strong>Cafe Spojka<\/strong> ve Vyso\u010danech, kter\u00e9 je zn\u00e1m\u00e9 svou vynikaj\u00edc\u00ed k\u00e1vou a zdrav\u00fdmi sn\u00eddan\u011bmi, nebo <strong>Vnitroblock Freestyle<\/strong>, kde si m\u016f\u017eete vychutnat k\u00e1vu ve stylov\u00e9m prostoru s um\u011bleckou atmosf\u00e9rou.<\/p>\n\n\n\n<div style=\"height:9px\" aria-hidden=\"true\" class=\"wp-block-spacer\"><\/div>\n\n\n\n<h2 class=\"wp-block-heading\"><strong>Praha 9 jako investi\u010dn\u00ed p\u0159\u00edle\u017eitost<\/strong><\/h2>\n\n\n\n<div style=\"height:21px\" aria-hidden=\"true\" class=\"wp-block-spacer\"><\/div>\n\n\n\n<div class=\"wp-block-media-text is-stacked-on-mobile is-vertically-aligned-center\" style=\"grid-template-columns:41% auto\"><figure class=\"wp-block-media-text__media\"><img decoding=\"async\" width=\"400\" height=\"400\" src=\"https:\/\/www.homeportal.cz\/wp-content\/uploads\/2025\/02\/flipovani.gif\" alt=\"\" class=\"wp-image-11722 size-full\"\/><\/figure><div class=\"wp-block-media-text__content\">\n<p>Zat\u00edmco Vyso\u010dany a Hloub\u011bt\u00edn byly d\u0159\u00edve pon\u011bkud p\u0159ehl\u00ed\u017een\u00e9, dnes jsou pova\u017eov\u00e1ny za jedny z nejatraktivn\u011bj\u0161\u00edch lokalit pro investice. Ceny nemovitost\u00ed v t\u00e9to oblasti stoupaj\u00ed, co\u017e z Prahy 9 \u010din\u00ed nejen ide\u00e1ln\u00ed m\u00edsto pro bydlen\u00ed, ale tak\u00e9&nbsp;<strong>skv\u011bl\u00e9 m\u00edsto pro investice do nemovitost\u00ed<\/strong>. D\u00edky dobr\u00e9 infrastruktu\u0159e, modern\u00edmu bydlen\u00ed a strategick\u00e9 poloze mezi centrem m\u011bsta a p\u0159\u00edrodou je Praha 9 perfektn\u00ed volbou pro ty, kte\u0159\u00ed hledaj\u00ed vyv\u00e1\u017een\u00fd \u017eivotn\u00ed styl s investi\u010dn\u00edm potenci\u00e1lem.<\/p>\n\n\n\n<p>Pokud se rozhodnete pro bydlen\u00ed v t\u00e9to oblasti, m\u016f\u017eete si b\u00fdt jisti, \u017ee investujete nejen do kvalitn\u00edho a pohodln\u00e9ho \u017eivota, ale i do budoucnosti.<\/p>\n<\/div><\/div>\n\n\n\n<p>R\u016fst Prahy 9 bude pokra\u010dovat a s n\u00edm i rozvoj nov\u00e9 m\u011bstsk\u00e9 \u010dtvrti, kter\u00e1 v n\u00e1sleduj\u00edc\u00edch letech bude st\u00e1le popul\u00e1rn\u011bj\u0161\u00ed. Hled\u00e1te nov\u00fd domov v jedn\u00e9 z nejrychleji se rozv\u00edjej\u00edc\u00edch oblast\u00ed Prahy? <strong>Prohl\u00e9dn\u011bte si aktu\u00e1ln\u00ed nab\u00eddku novostaveb na na\u0161em webu!<\/strong><\/p>\n\n\n\n<p><\/p>\n","protected":false},"excerpt":{"rendered":"<p>Ka\u017ed\u00e1 \u010d\u00e1st m\u011bsta m\u00e1 sv\u016fj p\u0159\u00edb\u011bh, svou historii a svou du\u0161i. Praha 9, konkr\u00e9tn\u011b oblasti Vyso\u010dan a Hloub\u011bt\u00edna, jsou p\u0159\u00edklady m\u00edst, kde se minulost setk\u00e1v\u00e1 s budoucnost\u00ed. Tato \u010d\u00e1st metropole, kter\u00e1 je\u0161t\u011b p\u0159ed p\u00e1r lety byla zn\u00e1m\u00e1 svou industri\u00e1ln\u00ed povahou, dnes proch\u00e1z\u00ed ohromuj\u00edc\u00ed prom\u011bnou. Z b\u00fdval\u00fdch tov\u00e1rn\u00edch a skladovac\u00edch prostor vyr\u016fstaj\u00ed nov\u00e9 \u010dtvrti, modern\u00ed rezidence&#8230;<\/p>\n","protected":false},"author":4,"featured_media":11442,"comment_status":"open","ping_status":"open","sticky":false,"template":"","format":"standard","meta":{"_acf_changed":false,"inline_featured_image":false,"footnotes":""},"categories":[1],"tags":[],"class_list":["post-11252","post","type-post","status-publish","format-standard","has-post-thumbnail","hentry","category-blog"],"acf":[],"aioseo_notices":[],"_links":{"self":[{"href":"https:\/\/www.homeportal.cz\/cs\/wp-json\/wp\/v2\/posts\/11252","targetHints":{"allow":["GET"]}}],"collection":[{"href":"https:\/\/www.homeportal.cz\/cs\/wp-json\/wp\/v2\/posts"}],"about":[{"href":"https:\/\/www.homeportal.cz\/cs\/wp-json\/wp\/v2\/types\/post"}],"author":[{"embeddable":true,"href":"https:\/\/www.homeportal.cz\/cs\/wp-json\/wp\/v2\/users\/4"}],"replies":[{"embeddable":true,"href":"https:\/\/www.homeportal.cz\/cs\/wp-json\/wp\/v2\/comments?post=11252"}],"version-history":[{"count":39,"href":"https:\/\/www.homeportal.cz\/cs\/wp-json\/wp\/v2\/posts\/11252\/revisions"}],"predecessor-version":[{"id":12845,"href":"https:\/\/www.homeportal.cz\/cs\/wp-json\/wp\/v2\/posts\/11252\/revisions\/12845"}],"wp:featuredmedia":[{"embeddable":true,"href":"https:\/\/www.homeportal.cz\/cs\/wp-json\/wp\/v2\/media\/11442"}],"wp:attachment":[{"href":"https:\/\/www.homeportal.cz\/cs\/wp-json\/wp\/v2\/media?parent=11252"}],"wp:term":[{"taxonomy":"category","embeddable":true,"href":"https:\/\/www.homeportal.cz\/cs\/wp-json\/wp\/v2\/categories?post=11252"},{"taxonomy":"post_tag","embeddable":true,"href":"https:\/\/www.homeportal.cz\/cs\/wp-json\/wp\/v2\/tags?post=11252"}],"curies":[{"name":"wp","href":"https:\/\/api.w.org\/{rel}","templated":true}]}}