{"id":14862,"date":"2025-11-24T13:53:29","date_gmt":"2025-11-24T12:53:29","guid":{"rendered":"https:\/\/www.homeportal.cz\/?p=14862"},"modified":"2025-11-26T12:22:57","modified_gmt":"2025-11-26T11:22:57","slug":"pruvodce-co-zaridit-pred-pronajmem-investicniho-bytu","status":"publish","type":"post","link":"https:\/\/www.homeportal.cz\/cs\/pruvodce-co-zaridit-pred-pronajmem-investicniho-bytu\/","title":{"rendered":"PRON\u00c1JEM investi\u010dn\u00edho bytu: Co za\u0159\u00eddit p\u0159edt\u00edm, ne\u017e m\u016f\u017eete za\u010d\u00edt pronaj\u00edmat?"},"content":{"rendered":"\n<p><strong>Koup\u011b investi\u010dn\u00edho bytu je pro \u0159adu lid\u00ed jednou z nejjist\u011bj\u0161\u00edch cest, jak ochr\u00e1nit \u00faspory a vytvo\u0159it si stabiln\u00ed p\u0159\u00edjem. Jen\u017ee okam\u017eik p\u0159evzet\u00ed kl\u00ed\u010d\u016f od developera bohu\u017eel v\u011bt\u0161inou neznamen\u00e1, \u017ee byt je p\u0159ipraven\u00fd k nast\u011bhov\u00e1n\u00ed prvn\u00edho n\u00e1jemn\u00edka. V\u011bt\u0161ina novostaveb je dod\u00e1v\u00e1na v z\u00e1kladn\u00edm standardu a nov\u00e9 majitele \u010dek\u00e1 \u0159ada krok\u016f \u2013 od za\u0159\u00edzen\u00ed nezbytn\u00e9ho interi\u00e9rov\u00e9ho vybaven\u00ed po pr\u00e1vn\u00ed p\u0159\u00edpravu a nastaven\u00ed finan\u010dn\u00edch podm\u00ednek. Co v\u0161echno je pot\u0159eba za\u0159\u00eddit, aby investi\u010dn\u00ed byt za\u010dal opravdu vyd\u011bl\u00e1vat?<\/strong><\/p>\n\n\n\n<h2 class=\"wp-block-heading\">Kuchy\u0148 jako z\u00e1kladn\u00ed investice<\/h2>\n\n\n\n<p>Prvn\u00ed velkou polo\u017ekou je <strong>kuchy\u0148sk\u00e1 linka<\/strong>. Nov\u00e9 byty se obvykle p\u0159ed\u00e1vaj\u00ed bez n\u00ed, co\u017e znamen\u00e1, \u017ee majitel mus\u00ed zajistit kompletn\u00ed kuchy\u0148 v\u010detn\u011b <strong>spot\u0159ebi\u010d\u016f<\/strong>. Standardn\u00ed vybaven\u00ed dnes zahrnuje varnou desku, troubu, digesto\u0159 a \u010dasto i lednici a my\u010dku. Kuchy\u0148 by m\u011bla b\u00fdt neutr\u00e1ln\u00ed, funk\u010dn\u00ed a odoln\u00e1, aby obst\u00e1la v n\u011bkolika n\u00e1jemn\u00edch cyklech. P\u0159\u00edli\u0161 luxusn\u00ed proveden\u00ed se nemus\u00ed vyplatit \u2013 podstatn\u00e1 je prakti\u010dnost a jednoduch\u00e1 \u00fadr\u017eba.<\/p>\n\n\n\n<figure class=\"wp-block-gallery has-nested-images columns-default is-cropped wp-block-gallery-1 is-layout-flex wp-block-gallery-is-layout-flex\">\n<figure class=\"wp-block-image size-large\"><img decoding=\"async\" width=\"1024\" height=\"683\" data-id=\"14171\" src=\"https:\/\/www.homeportal.cz\/wp-content\/uploads\/2025\/10\/DI8A9198-Edit-min-1024x683.jpg\" alt=\"\" class=\"wp-image-14171\" srcset=\"https:\/\/www.homeportal.cz\/wp-content\/uploads\/2025\/10\/DI8A9198-Edit-min-1024x683.jpg 1024w, https:\/\/www.homeportal.cz\/wp-content\/uploads\/2025\/10\/DI8A9198-Edit-min-300x200.jpg 300w, https:\/\/www.homeportal.cz\/wp-content\/uploads\/2025\/10\/DI8A9198-Edit-min-768x512.jpg 768w, https:\/\/www.homeportal.cz\/wp-content\/uploads\/2025\/10\/DI8A9198-Edit-min-1536x1024.jpg 1536w, https:\/\/www.homeportal.cz\/wp-content\/uploads\/2025\/10\/DI8A9198-Edit-min.jpg 1920w\" sizes=\"(max-width: 1024px) 100vw, 1024px\" \/><\/figure>\n\n\n\n<figure class=\"wp-block-image size-large\"><img decoding=\"async\" width=\"1024\" height=\"683\" data-id=\"14552\" src=\"https:\/\/www.homeportal.cz\/wp-content\/uploads\/2025\/11\/H2-kuchyn-vizu-1024x683.jpeg\" alt=\"\" class=\"wp-image-14552\" srcset=\"https:\/\/www.homeportal.cz\/wp-content\/uploads\/2025\/11\/H2-kuchyn-vizu-1024x683.jpeg 1024w, https:\/\/www.homeportal.cz\/wp-content\/uploads\/2025\/11\/H2-kuchyn-vizu-300x200.jpeg 300w, https:\/\/www.homeportal.cz\/wp-content\/uploads\/2025\/11\/H2-kuchyn-vizu-768x512.jpeg 768w, https:\/\/www.homeportal.cz\/wp-content\/uploads\/2025\/11\/H2-kuchyn-vizu.jpeg 1536w\" sizes=\"(max-width: 1024px) 100vw, 1024px\" \/><\/figure>\n<\/figure>\n\n\n\n<h2 class=\"wp-block-heading\">\u00dalo\u017en\u00e9 prostory a z\u00e1kladn\u00ed komfort<\/h2>\n\n\n\n<p>N\u00e1jemn\u00edci zpravidla uv\u00edtaj\u00ed <strong>vestav\u011bn\u00e9 sk\u0159\u00edn\u011b<\/strong>, minim\u00e1ln\u011b v p\u0159eds\u00edni a lo\u017enici. Jejich instalace m\u016f\u017ee byt zv\u00fdhodnit oproti konkurenci. Podobn\u011b d\u016fle\u017eit\u00e9 je dopln\u011bn\u00ed <strong>\u017ealuzi\u00ed nebo rolet<\/strong>, kter\u00e9 zajist\u00ed soukrom\u00ed, a instalace garn\u00fd\u017e\u00ed \u010di z\u00e1v\u011bs\u016f. Detaily, jako je vybaven\u00ed koupelny <strong>dr\u017e\u00e1ky na ru\u010dn\u00edky<\/strong> nebo sprchovou z\u00e1st\u011bnou, se mohou zd\u00e1t drobn\u00e9, ale bez nich byt p\u016fsob\u00ed nedokon\u010den\u011b. Nav\u00edc se zaji\u0161t\u011bn\u00edm t\u011bchto drobn\u00fdch \u00faprav vyvarujete tomu, \u017ee ka\u017ed\u00fd n\u00e1jemn\u00edk si je ud\u011bl\u00e1 po sv\u00e9m a mo\u017en\u00e1 s men\u0161\u00ed p\u00e9\u010d\u00ed.<\/p>\n\n\n\n<div class=\"wp-block-group has-background\" style=\"background:linear-gradient(173deg,rgb(238,238,238) 0%,rgb(169,184,195) 100%)\"><div class=\"wp-block-group__inner-container is-layout-constrained wp-block-group-is-layout-constrained\">\n<div class=\"wp-block-group\"><div class=\"wp-block-group__inner-container is-layout-constrained wp-block-group-is-layout-constrained\">\n<div class=\"wp-block-group\"><div class=\"wp-block-group__inner-container is-layout-constrained wp-block-group-is-layout-constrained\">\n<div class=\"wp-block-group has-background\" style=\"background:linear-gradient(180deg,rgb(255,255,255) 0%,rgb(208,208,208) 100%)\"><div class=\"wp-block-group__inner-container is-layout-constrained wp-block-group-is-layout-constrained\">\n<div class=\"wp-block-group has-background\" style=\"background:linear-gradient(135deg,rgb(249,249,249) 0%,rgb(169,184,195) 100%)\"><div class=\"wp-block-group__inner-container is-layout-constrained wp-block-group-is-layout-constrained\">\n<div class=\"wp-block-group\"><div class=\"wp-block-group__inner-container is-layout-constrained wp-block-group-is-layout-constrained\">\n<div class=\"wp-block-group\"><div class=\"wp-block-group__inner-container is-layout-constrained wp-block-group-is-layout-constrained\">\n<div class=\"wp-block-group\"><div class=\"wp-block-group__inner-container is-layout-constrained wp-block-group-is-layout-constrained\">\n<div style=\"height:35px\" aria-hidden=\"true\" class=\"wp-block-spacer\"><\/div>\n<\/div><\/div>\n\n\n\n<div class=\"wp-block-group\"><div class=\"wp-block-group__inner-container is-layout-constrained wp-block-group-is-layout-constrained\">\n<h2 class=\"wp-block-heading has-text-align-center has-text-color has-medium-font-size\" style=\"color:#062f5d\"><a href=\"https:\/\/www.homeportal.cz\/cs\/tipy-pro-vyber-standardu-noveho-bydleni-rozdil-mezi-shell-and-core-white-wall-a-fit-out\/\" title=\"\">Stadard Fit Out<\/a><\/h2>\n<\/div><\/div>\n<\/div><\/div>\n\n\n\n<p class=\"has-text-align-center\">Fit Out je v sou\u010dasnosti asi nej\u010dast\u011bj\u0161\u00ed <strong>standard dokon\u010den\u00ed novostavb<\/strong>y. Nab\u00edz\u00ed t\u00e9m\u011b\u0159 ve\u0161ker\u00e9 \u00fapravy, kter\u00e9 jsou nutn\u00e9 p\u0159ed nast\u011bhov\u00e1n\u00edm dokon\u010dit &#8211; povrchov\u00e9 \u00fapravy, jako jsou <strong>podlahov\u00e9 krytiny<\/strong>, n\u00e1t\u011bry st\u011bn, obklady nebo sanitu, a samoz\u0159ejmost\u00ed jsou tak\u00e9 <strong>instala\u010dn\u00ed prvky<\/strong> jako elektrick\u00e9 rozvody, osv\u011btlen\u00ed \u010di topen\u00ed. V&nbsp;byt\u011b v&nbsp;tomto standardu naleznete i detaily \u2013 nap\u0159\u00edklad vnit\u0159n\u00ed <strong>dve\u0159e<\/strong>, <strong>vyp\u00edna\u010de <\/strong>\u010di kompletn\u00ed <strong>koupelnu<\/strong>. Jedin\u00e9, co si mus\u00ed za\u0159\u00eddit, je kuchy\u0148sk\u00e1 linka.<\/p>\n<\/div><\/div>\n\n\n\n<div class=\"wp-block-group\"><div class=\"wp-block-group__inner-container is-layout-constrained wp-block-group-is-layout-constrained\">\n<div class=\"wp-block-group\"><div class=\"wp-block-group__inner-container is-layout-constrained wp-block-group-is-layout-constrained\">\n<div class=\"wp-block-group\"><div class=\"wp-block-group__inner-container is-layout-constrained wp-block-group-is-layout-constrained\">\n<div style=\"height:35px\" aria-hidden=\"true\" class=\"wp-block-spacer\"><\/div>\n<\/div><\/div>\n<\/div><\/div>\n<\/div><\/div>\n<\/div><\/div>\n<\/div><\/div>\n<\/div><\/div>\n<\/div><\/div>\n<\/div><\/div>\n\n\n\n<h2 class=\"wp-block-heading\">Sv\u00edtidla a fin\u00e1ln\u00ed \u00fapravy<\/h2>\n\n\n\n<p>Novostavby se n\u011bkdy p\u0159ed\u00e1vaj\u00ed jen s kabely vy\u010dn\u00edvaj\u00edc\u00edmi ze stropu. <strong>Instalace sv\u00edtidel<\/strong> je proto nezbytn\u00e1. Doporu\u010duje se volit <strong>jednoduch\u00e1, modern\u00ed a energeticky \u00fasporn\u00e1 \u0159e\u0161en\u00ed<\/strong>, kter\u00e1 nebudou p\u016fsobit ok\u00e1zale, ale z\u00e1rove\u0148 zajist\u00ed dostatek sv\u011btla. Vyplat\u00ed se rovn\u011b\u017e <strong>vymalovat <\/strong>cel\u00fd byt na <strong>neutr\u00e1ln\u00ed barvu<\/strong> a doladit detaily \u2013 nap\u0159\u00edklad li\u0161ty,<strong> z\u00e1suvky \u010di vyp\u00edna\u010de<\/strong>. Tyto kroky posiluj\u00ed dojem nov\u00e9ho a \u010dist\u00e9ho bydlen\u00ed.<\/p>\n\n\n\n<h2 class=\"wp-block-heading\">Rozhodnut\u00ed o m\u00ed\u0159e za\u0159\u00edzen\u00ed<\/h2>\n\n\n\n<p>Ot\u00e1zka, zda byt pronaj\u00edmat za\u0159\u00edzen\u00fd, \u010d\u00e1ste\u010dn\u011b vybaven\u00fd \u010di neza\u0159\u00edzen\u00fd, z\u00e1sadn\u011b ovlivn\u00ed c\u00edlovou skupinu n\u00e1jemn\u00edk\u016f.<\/p>\n\n\n\n<ul class=\"wp-block-list\">\n<li><strong>Neza\u0159\u00edzen\u00fd byt<\/strong> oslov\u00ed dlouhodob\u00e9 n\u00e1jemn\u00edky, zejm\u00e9na rodiny.<\/li>\n\n\n\n<li><strong>\u010c\u00e1ste\u010dn\u011b vybaven\u00fd<\/strong> (nap\u0159. kuchy\u0148 se spot\u0159ebi\u010di, sk\u0159\u00edn\u011b, botn\u00edk) je univerz\u00e1ln\u00ed variantou a nej\u010dast\u011bj\u0161\u00ed volbou investor\u016f.<\/li>\n\n\n\n<li><strong>Pln\u011b vybaven\u00fd<\/strong> je atraktivn\u00ed pro studenty, expaty nebo kr\u00e1tkodob\u00e9 pron\u00e1jmy, ale vy\u017eaduje vy\u0161\u0161\u00ed vstupn\u00ed n\u00e1klady i \u010dast\u011bj\u0161\u00ed obm\u011bnu n\u00e1bytku.<\/li>\n<\/ul>\n\n\n\n<figure class=\"wp-block-gallery has-nested-images columns-default is-cropped wp-block-gallery-2 is-layout-flex wp-block-gallery-is-layout-flex\">\n<figure class=\"wp-block-image size-large\"><img decoding=\"async\" width=\"1024\" height=\"681\" data-id=\"14624\" src=\"https:\/\/www.homeportal.cz\/wp-content\/uploads\/2025\/11\/dsc_0933-2_optimized-1024x681.jpg\" alt=\"\" class=\"wp-image-14624\" srcset=\"https:\/\/www.homeportal.cz\/wp-content\/uploads\/2025\/11\/dsc_0933-2_optimized-1024x681.jpg 1024w, https:\/\/www.homeportal.cz\/wp-content\/uploads\/2025\/11\/dsc_0933-2_optimized-300x200.jpg 300w, https:\/\/www.homeportal.cz\/wp-content\/uploads\/2025\/11\/dsc_0933-2_optimized-768x511.jpg 768w, https:\/\/www.homeportal.cz\/wp-content\/uploads\/2025\/11\/dsc_0933-2_optimized-1536x1022.jpg 1536w, https:\/\/www.homeportal.cz\/wp-content\/uploads\/2025\/11\/dsc_0933-2_optimized-2048x1363.jpg 2048w\" sizes=\"(max-width: 1024px) 100vw, 1024px\" \/><\/figure>\n\n\n\n<figure class=\"wp-block-image size-large\"><img decoding=\"async\" width=\"1024\" height=\"768\" data-id=\"14567\" src=\"https:\/\/www.homeportal.cz\/wp-content\/uploads\/2025\/11\/IMG_8999-1024x768.jpg\" alt=\"\" class=\"wp-image-14567\" srcset=\"https:\/\/www.homeportal.cz\/wp-content\/uploads\/2025\/11\/IMG_8999-1024x768.jpg 1024w, https:\/\/www.homeportal.cz\/wp-content\/uploads\/2025\/11\/IMG_8999-300x225.jpg 300w, https:\/\/www.homeportal.cz\/wp-content\/uploads\/2025\/11\/IMG_8999-768x576.jpg 768w, https:\/\/www.homeportal.cz\/wp-content\/uploads\/2025\/11\/IMG_8999-1536x1152.jpg 1536w, https:\/\/www.homeportal.cz\/wp-content\/uploads\/2025\/11\/IMG_8999-2048x1536.jpg 2048w\" sizes=\"(max-width: 1024px) 100vw, 1024px\" \/><\/figure>\n\n\n\n<figure class=\"wp-block-image size-large\"><img decoding=\"async\" width=\"1024\" height=\"683\" data-id=\"14607\" src=\"https:\/\/www.homeportal.cz\/wp-content\/uploads\/2025\/11\/F1-1-1620x1080-1-1024x683.jpg\" alt=\"\" class=\"wp-image-14607\" srcset=\"https:\/\/www.homeportal.cz\/wp-content\/uploads\/2025\/11\/F1-1-1620x1080-1-1024x683.jpg 1024w, https:\/\/www.homeportal.cz\/wp-content\/uploads\/2025\/11\/F1-1-1620x1080-1-300x200.jpg 300w, https:\/\/www.homeportal.cz\/wp-content\/uploads\/2025\/11\/F1-1-1620x1080-1-768x512.jpg 768w, https:\/\/www.homeportal.cz\/wp-content\/uploads\/2025\/11\/F1-1-1620x1080-1-1536x1024.jpg 1536w, https:\/\/www.homeportal.cz\/wp-content\/uploads\/2025\/11\/F1-1-1620x1080-1.jpg 1620w\" sizes=\"(max-width: 1024px) 100vw, 1024px\" \/><\/figure>\n<\/figure>\n\n\n\n<h2 class=\"wp-block-heading\">Administrativn\u00ed a pr\u00e1vn\u00ed p\u0159\u00edprava<\/h2>\n\n\n\n<p>Je\u0161t\u011b p\u0159ed zve\u0159ejn\u011bn\u00edm inzer\u00e1tu mus\u00ed majitel vy\u0159e\u0161it pr\u00e1vn\u00ed z\u00e1le\u017eitosti:<\/p>\n\n\n\n<div class=\"wp-block-columns is-layout-flex wp-container-core-columns-is-layout-9d6595d7 wp-block-columns-is-layout-flex\">\n<div class=\"wp-block-column is-layout-flow wp-block-column-is-layout-flow\" style=\"flex-basis:66.66%\">\n<ul class=\"wp-block-list\">\n<li><strong>N\u00e1jemn\u00ed smlouvu<\/strong> \u2013 m\u011bla by b\u00fdt p\u0159ipraven\u00e1 odborn\u00edkem a obsahovat kl\u00ed\u010dov\u00e9 n\u00e1le\u017eitosti: d\u00e9lku n\u00e1jmu, v\u00fd\u0161i a podm\u00ednky kauce, pravidla pro ukon\u010den\u00ed smlouvy, rozd\u011blen\u00ed povinnost\u00ed p\u0159i oprav\u00e1ch a \u00fadr\u017eb\u011b.<\/li>\n\n\n\n<li><strong>Poji\u0161t\u011bn\u00ed bytu<\/strong> \u2013 nejen pojistka nemovitosti, ale i poji\u0161t\u011bn\u00ed odpov\u011bdnosti, kter\u00e9 kryje \u0161kody zp\u016fsoben\u00e9 t\u0159et\u00edm osob\u00e1m.<\/li>\n\n\n\n<li><strong>P\u0159evody energi\u00ed<\/strong> \u2013 majitel mus\u00ed nejprve p\u0159epsat odb\u011brn\u00e1 m\u00edsta na sebe a p\u0159ipravit hladk\u00fd mechanismus p\u0159evodu na n\u00e1jemn\u00edka.<\/li>\n<\/ul>\n<\/div>\n\n\n\n<div class=\"wp-block-column is-layout-flow wp-block-column-is-layout-flow\" style=\"flex-basis:33.33%\">\n<figure class=\"wp-block-image size-full\"><img decoding=\"async\" width=\"500\" height=\"300\" src=\"https:\/\/www.homeportal.cz\/wp-content\/uploads\/2023\/10\/Smlouvy-pri-koupi-bytu-v-developerskem-projektu.gif\" alt=\"\" class=\"wp-image-3967\"\/><\/figure>\n<\/div>\n<\/div>\n\n\n\n<h2 class=\"wp-block-heading\">Finan\u010dn\u00ed nastaven\u00ed<\/h2>\n\n\n\n<p>Stanoven\u00ed v\u00fd\u0161e n\u00e1jemn\u00e9ho by nem\u011blo b\u00fdt odhadovan\u00e9 \u201eod oka\u201c. Je nutn\u00e9 <strong>analyzovat aktu\u00e1ln\u00ed nab\u00eddku <\/strong>v dan\u00e9 lokalit\u011b a porovnat ceny obdobn\u00fdch byt\u016f. Vhodn\u00e9 je rozhodnout, zda bude n\u00e1jemn\u00e9 uv\u00e1d\u011bno <strong>v\u010detn\u011b z\u00e1loh na slu\u017eby<\/strong>, nebo zda se poplatky budou hradit samostatn\u011b. M\u011bli byste po\u010d\u00edtat i s rezervou na \u00fadr\u017ebu, pravideln\u00e9 <strong>opravy <\/strong>a p\u0159\u00edpadn\u00e9 obdob\u00ed, kdy je byt pr\u00e1zdn\u00fd.<\/p>\n\n\n\n<p><mark style=\"background-color:#13b474\" class=\"has-inline-color has-white-color\">Chcete poradit se stanoven\u00edm ide\u00e1ln\u00edho n\u00e1jemn\u00e9ho, kter\u00e9 V\u00e1m bude vyn\u00e1\u0161et od prvn\u00edho n\u00e1jemn\u00edka? R\u00e1di V\u00e1m porad\u00edme. <\/mark><\/p>\n\n\n\n<h2 class=\"wp-block-heading\">Marketing a spr\u00e1va bytu<\/h2>\n\n\n\n<p>A\u017e pot\u00e9 p\u0159ich\u00e1z\u00ed na \u0159adu samotn\u00e1 <strong>prezentace bytu<\/strong>. Kvalitn\u00ed fotografie a promy\u0161len\u00fd <strong>popis inzer\u00e1tu<\/strong> z\u00e1sadn\u011b ovliv\u0148uj\u00ed rychlost pron\u00e1jmu. Majitel by si m\u011bl p\u0159edem ujasnit, zda bude byt spravovat s\u00e1m \u2013 tedy komunikovat s n\u00e1jemn\u00edky, \u0159e\u0161it opravy a inkasovat platby \u2013 nebo zda tuto slu\u017ebu sv\u011b\u0159\u00ed realitn\u00ed kancel\u00e1\u0159i \u010di property managementu. <strong>S propagac\u00ed Va\u0161eho n\u00e1jemn\u00edho bytu a hled\u00e1n\u00edm ide\u00e1ln\u00edho n\u00e1jemce V\u00e1m na\u0161i specialist\u00e9 r\u00e1di pomohou. Ozv\u011bte se n\u00e1m!<\/strong><\/p>\n\n\n\n<div style=\"height:8px\" aria-hidden=\"true\" class=\"wp-block-spacer\"><\/div>\n\n\n\n<h3 class=\"wp-block-heading\"><mark style=\"background-color:rgba(0, 0, 0, 0);color:#3f958f\" class=\"has-inline-color\">Chcete si uleh\u010dit pr\u00e1ci? Nov\u00fd investi\u010dn\u00ed model s garantovan\u00fdm v\u00fdnosem<\/mark><\/h3>\n\n\n\n<p>Nov\u011b nab\u00edz\u00edm <strong>n\u011bkolik projekt\u016f s investi\u010dn\u00edmi byty<\/strong>, u kter\u00fdch je pron\u00e1jem zalo\u017een na osv\u011bd\u010den\u00e9m modelu, kter\u00fd je \u00fasp\u011b\u0161n\u011b aplikov\u00e1n nap\u0159. v projektu <strong>\u00dast\u00ed Towers<\/strong>, kde je garantovan\u00fd v\u00fdnos <strong>6 % p.a.<\/strong><\/p>\n\n\n\n<p>Investor u t\u011bchto byt\u016f skute\u010dn\u011b z\u00edsk\u00e1v\u00e1 <strong>osobn\u00ed vlastnictv\u00ed konkr\u00e9tn\u00ed jednotky<\/strong> a uzav\u00edr\u00e1 mand\u00e1tn\u00ed smlouvu se spr\u00e1vcovskou spole\u010dnost\u00ed, kter\u00e1 zajist\u00ed kompletn\u00ed provoz, servis a spr\u00e1vu n\u00e1jemn\u00edch vztah\u016f \u2013 v\u010detn\u011b <strong>pron\u00e1jmu, \u00fadr\u017eby i recepce<\/strong>. V\u00fdnos je smluvn\u011b garantov\u00e1n od prvn\u00edho dne vlastnictv\u00ed, bez nutnosti \u0159e\u0161it obsazenost bytu. Po skon\u010den\u00ed investi\u010dn\u00edho cyklu m\u00e1 majitel mo\u017enost byt vyu\u017e\u00edvat, d\u00e1le pronaj\u00edmat nebo \u2013 v pr\u00e9miov\u00e9 variant\u011b \u2013 vyu\u017e\u00edt <strong>zp\u011btn\u00fd odkup za p\u016fvodn\u00ed kupn\u00ed cenu<\/strong>.<\/p>\n\n\n\n<p><strong><a href=\"https:\/\/www.homeportal.cz\/cs\/nakup-nemovitosti\/\" title=\"\">Vyberte si sv\u016fj investi\u010dn\u00ed byt:<\/a><\/strong><\/p>\n\n\n\n<figure class=\"wp-block-gallery has-nested-images columns-default is-cropped wp-block-gallery-3 is-layout-flex wp-block-gallery-is-layout-flex\">\n<figure class=\"wp-block-image size-large\"><a href=\"https:\/\/www.homeportal.cz\/cs\/projekt\/apartmany-star-lipno\/\"><img decoding=\"async\" width=\"1024\" height=\"683\" data-id=\"14745\" src=\"https:\/\/www.homeportal.cz\/wp-content\/uploads\/2025\/11\/L_1KK_007-1024x683.jpg\" alt=\"\" class=\"wp-image-14745\" srcset=\"https:\/\/www.homeportal.cz\/wp-content\/uploads\/2025\/11\/L_1KK_007-1024x683.jpg 1024w, https:\/\/www.homeportal.cz\/wp-content\/uploads\/2025\/11\/L_1KK_007-300x200.jpg 300w, https:\/\/www.homeportal.cz\/wp-content\/uploads\/2025\/11\/L_1KK_007-768x512.jpg 768w, https:\/\/www.homeportal.cz\/wp-content\/uploads\/2025\/11\/L_1KK_007-1536x1024.jpg 1536w, https:\/\/www.homeportal.cz\/wp-content\/uploads\/2025\/11\/L_1KK_007-2048x1365.jpg 2048w\" sizes=\"(max-width: 1024px) 100vw, 1024px\" \/><\/a><figcaption class=\"wp-element-caption\"><strong>Star Lipno<\/strong><\/figcaption><\/figure>\n\n\n\n<figure class=\"wp-block-image size-large\"><a href=\"https:\/\/www.homeportal.cz\/cs\/projekt\/usti-towers-vynos-6-p-a\/\"><img decoding=\"async\" width=\"1024\" height=\"679\" data-id=\"14181\" src=\"https:\/\/www.homeportal.cz\/wp-content\/uploads\/2025\/10\/DI8A9168-Edit-min-1024x679.jpg\" alt=\"\" class=\"wp-image-14181\" srcset=\"https:\/\/www.homeportal.cz\/wp-content\/uploads\/2025\/10\/DI8A9168-Edit-min-1024x679.jpg 1024w, https:\/\/www.homeportal.cz\/wp-content\/uploads\/2025\/10\/DI8A9168-Edit-min-300x199.jpg 300w, https:\/\/www.homeportal.cz\/wp-content\/uploads\/2025\/10\/DI8A9168-Edit-min-768x510.jpg 768w, https:\/\/www.homeportal.cz\/wp-content\/uploads\/2025\/10\/DI8A9168-Edit-min-1536x1019.jpg 1536w, https:\/\/www.homeportal.cz\/wp-content\/uploads\/2025\/10\/DI8A9168-Edit-min.jpg 1920w\" sizes=\"(max-width: 1024px) 100vw, 1024px\" \/><\/a><figcaption class=\"wp-element-caption\"><strong>\u00dast\u00ed Towers<\/strong><\/figcaption><\/figure>\n\n\n\n<figure class=\"wp-block-image size-large\"><a href=\"https:\/\/www.homeportal.cz\/cs\/projekt\/novy-modrasek\/\"><img decoding=\"async\" width=\"1024\" height=\"681\" data-id=\"14629\" src=\"https:\/\/www.homeportal.cz\/wp-content\/uploads\/2025\/11\/dsc_1018-edit_optimized-1024x681.jpg\" alt=\"\" class=\"wp-image-14629\" srcset=\"https:\/\/www.homeportal.cz\/wp-content\/uploads\/2025\/11\/dsc_1018-edit_optimized-1024x681.jpg 1024w, https:\/\/www.homeportal.cz\/wp-content\/uploads\/2025\/11\/dsc_1018-edit_optimized-300x200.jpg 300w, https:\/\/www.homeportal.cz\/wp-content\/uploads\/2025\/11\/dsc_1018-edit_optimized-768x511.jpg 768w, https:\/\/www.homeportal.cz\/wp-content\/uploads\/2025\/11\/dsc_1018-edit_optimized-1536x1022.jpg 1536w, https:\/\/www.homeportal.cz\/wp-content\/uploads\/2025\/11\/dsc_1018-edit_optimized-2048x1363.jpg 2048w\" sizes=\"(max-width: 1024px) 100vw, 1024px\" \/><\/a><figcaption class=\"wp-element-caption\"><strong>Nov\u00fd Modr\u00e1sek<\/strong><\/figcaption><\/figure>\n<\/figure>\n\n\n\n<figure class=\"wp-block-gallery has-nested-images columns-default is-cropped wp-block-gallery-4 is-layout-flex wp-block-gallery-is-layout-flex\">\n<figure class=\"wp-block-image size-large\"><a href=\"https:\/\/www.homeportal.cz\/cs\/projekt\/lomnice-nad-popelkou\/\"><img decoding=\"async\" width=\"1024\" height=\"683\" data-id=\"14607\" src=\"https:\/\/www.homeportal.cz\/wp-content\/uploads\/2025\/11\/F1-1-1620x1080-1-1024x683.jpg\" alt=\"\" class=\"wp-image-14607\" srcset=\"https:\/\/www.homeportal.cz\/wp-content\/uploads\/2025\/11\/F1-1-1620x1080-1-1024x683.jpg 1024w, https:\/\/www.homeportal.cz\/wp-content\/uploads\/2025\/11\/F1-1-1620x1080-1-300x200.jpg 300w, https:\/\/www.homeportal.cz\/wp-content\/uploads\/2025\/11\/F1-1-1620x1080-1-768x512.jpg 768w, https:\/\/www.homeportal.cz\/wp-content\/uploads\/2025\/11\/F1-1-1620x1080-1-1536x1024.jpg 1536w, https:\/\/www.homeportal.cz\/wp-content\/uploads\/2025\/11\/F1-1-1620x1080-1.jpg 1620w\" sizes=\"(max-width: 1024px) 100vw, 1024px\" \/><\/a><figcaption class=\"wp-element-caption\"><strong>Lomnice nad Popelkou<\/strong><\/figcaption><\/figure>\n\n\n\n<figure class=\"wp-block-image size-large\"><a href=\"https:\/\/www.homeportal.cz\/cs\/projekt\/novy-haj\/\"><img decoding=\"async\" width=\"1024\" height=\"683\" data-id=\"14547\" src=\"https:\/\/www.homeportal.cz\/wp-content\/uploads\/2025\/11\/H2_Obyvak_Vizu-1024x683.jpeg\" alt=\"\" class=\"wp-image-14547\" srcset=\"https:\/\/www.homeportal.cz\/wp-content\/uploads\/2025\/11\/H2_Obyvak_Vizu-1024x683.jpeg 1024w, https:\/\/www.homeportal.cz\/wp-content\/uploads\/2025\/11\/H2_Obyvak_Vizu-300x200.jpeg 300w, https:\/\/www.homeportal.cz\/wp-content\/uploads\/2025\/11\/H2_Obyvak_Vizu-768x512.jpeg 768w, https:\/\/www.homeportal.cz\/wp-content\/uploads\/2025\/11\/H2_Obyvak_Vizu.jpeg 1536w\" sizes=\"(max-width: 1024px) 100vw, 1024px\" \/><\/a><figcaption class=\"wp-element-caption\"><strong>Nov\u00fd H\u00e1j<\/strong><\/figcaption><\/figure>\n\n\n\n<figure class=\"wp-block-image size-large\"><a href=\"https:\/\/www.homeportal.cz\/cs\/projekt\/mlade-buky\/\"><img decoding=\"async\" width=\"1024\" height=\"768\" data-id=\"14720\" src=\"https:\/\/www.homeportal.cz\/wp-content\/uploads\/2025\/11\/Vizualizace-Obyvaci-pokoj-byt-1-1024x768.jpg\" alt=\"\" class=\"wp-image-14720\" srcset=\"https:\/\/www.homeportal.cz\/wp-content\/uploads\/2025\/11\/Vizualizace-Obyvaci-pokoj-byt-1-1024x768.jpg 1024w, https:\/\/www.homeportal.cz\/wp-content\/uploads\/2025\/11\/Vizualizace-Obyvaci-pokoj-byt-1-300x225.jpg 300w, https:\/\/www.homeportal.cz\/wp-content\/uploads\/2025\/11\/Vizualizace-Obyvaci-pokoj-byt-1-768x576.jpg 768w, https:\/\/www.homeportal.cz\/wp-content\/uploads\/2025\/11\/Vizualizace-Obyvaci-pokoj-byt-1-1536x1152.jpg 1536w, https:\/\/www.homeportal.cz\/wp-content\/uploads\/2025\/11\/Vizualizace-Obyvaci-pokoj-byt-1-2048x1536.jpg 2048w\" sizes=\"(max-width: 1024px) 100vw, 1024px\" \/><\/a><figcaption class=\"wp-element-caption\"><strong>Mlad\u00e9 Buky<\/strong><\/figcaption><\/figure>\n<\/figure>\n\n\n\n<p><\/p>\n","protected":false},"excerpt":{"rendered":"<p>Koup\u011b investi\u010dn\u00edho bytu je pro \u0159adu lid\u00ed jednou z nejjist\u011bj\u0161\u00edch cest, jak ochr\u00e1nit \u00faspory a vytvo\u0159it si stabiln\u00ed p\u0159\u00edjem. Jen\u017ee okam\u017eik p\u0159evzet\u00ed kl\u00ed\u010d\u016f od developera bohu\u017eel v\u011bt\u0161inou neznamen\u00e1, \u017ee byt je p\u0159ipraven\u00fd k nast\u011bhov\u00e1n\u00ed prvn\u00edho n\u00e1jemn\u00edka. V\u011bt\u0161ina novostaveb je dod\u00e1v\u00e1na v z\u00e1kladn\u00edm standardu a nov\u00e9 majitele \u010dek\u00e1 \u0159ada krok\u016f \u2013 od za\u0159\u00edzen\u00ed nezbytn\u00e9ho interi\u00e9rov\u00e9ho vybaven\u00ed&#8230;<\/p>\n","protected":false},"author":4,"featured_media":14176,"comment_status":"open","ping_status":"open","sticky":true,"template":"","format":"standard","meta":{"_acf_changed":false,"inline_featured_image":false,"footnotes":""},"categories":[1],"tags":[],"class_list":["post-14862","post","type-post","status-publish","format-standard","has-post-thumbnail","hentry","category-blog"],"acf":[],"aioseo_notices":[],"_links":{"self":[{"href":"https:\/\/www.homeportal.cz\/cs\/wp-json\/wp\/v2\/posts\/14862","targetHints":{"allow":["GET"]}}],"collection":[{"href":"https:\/\/www.homeportal.cz\/cs\/wp-json\/wp\/v2\/posts"}],"about":[{"href":"https:\/\/www.homeportal.cz\/cs\/wp-json\/wp\/v2\/types\/post"}],"author":[{"embeddable":true,"href":"https:\/\/www.homeportal.cz\/cs\/wp-json\/wp\/v2\/users\/4"}],"replies":[{"embeddable":true,"href":"https:\/\/www.homeportal.cz\/cs\/wp-json\/wp\/v2\/comments?post=14862"}],"version-history":[{"count":39,"href":"https:\/\/www.homeportal.cz\/cs\/wp-json\/wp\/v2\/posts\/14862\/revisions"}],"predecessor-version":[{"id":15840,"href":"https:\/\/www.homeportal.cz\/cs\/wp-json\/wp\/v2\/posts\/14862\/revisions\/15840"}],"wp:featuredmedia":[{"embeddable":true,"href":"https:\/\/www.homeportal.cz\/cs\/wp-json\/wp\/v2\/media\/14176"}],"wp:attachment":[{"href":"https:\/\/www.homeportal.cz\/cs\/wp-json\/wp\/v2\/media?parent=14862"}],"wp:term":[{"taxonomy":"category","embeddable":true,"href":"https:\/\/www.homeportal.cz\/cs\/wp-json\/wp\/v2\/categories?post=14862"},{"taxonomy":"post_tag","embeddable":true,"href":"https:\/\/www.homeportal.cz\/cs\/wp-json\/wp\/v2\/tags?post=14862"}],"curies":[{"name":"wp","href":"https:\/\/api.w.org\/{rel}","templated":true}]}}